{"id":676,"date":"2023-11-30T15:18:44","date_gmt":"2023-11-30T15:18:44","guid":{"rendered":"https:\/\/schagerl.online\/?p=676"},"modified":"2025-05-18T19:53:07","modified_gmt":"2025-05-18T17:53:07","slug":"ein-blick-hinter-die-kulissen-von-www-solarblech-shop","status":"publish","type":"post","link":"https:\/\/solarblech.shop\/hu\/ein-blick-hinter-die-kulissen-von-www-solarblech-shop\/","title":{"rendered":"Pillant\u00e1s a kulissz\u00e1k m\u00f6g\u00e9 a www.solarblech.shop oldalon"},"content":{"rendered":"<p id=\"viewer-1nhoq\">Kedves Olvas\u00f3ink!<\/p>\n\n\n\n<p id=\"viewer-as0nt\">Ma k\u00fcl\u00f6n\u00f6sen izgatott vagyok, hogy k\u00f6zz\u00e9tegyem els\u0151 blogbejegyz\u00e9semet. Amikor elkezdtem \u00e1rulni, fogalmam sem volt, mire sz\u00e1m\u00edtsak. De hamar r\u00e1j\u00f6ttem, hogy j\u00f3 \u00faton j\u00e1rok. Term\u00e9keim elad\u00e1sai minden v\u00e1rakoz\u00e1st fel\u00fclm\u00faltak, \u00e9s m\u00e9g mindig nem hiszem el.<\/p>\n\n\n\n<p id=\"viewer-5iqv4\">K\u00fcl\u00f6n\u00f6sen b\u00fcszke vagyok \u00fcgyfeleim bizalm\u00e1ra, akik t\u00f6bbsz\u00f6r v\u00e1lasztj\u00e1k napelemeimet. \u00d6r\u00fcl\u00f6k minden egyes megrendel\u00e9snek, \u00e9s tov\u00e1bbra is mindent megteszek, hogy a legjobb min\u0151s\u00e9get \u00e9s megb\u00edzhat\u00f3s\u00e1got k\u00edn\u00e1lhassam \u00d6nnek. Eddig egyetlen reklam\u00e1ci\u00f3m, visszak\u00fcld\u00e9si, garanci\u00e1lis esetem sem volt, ami ann\u00e1l is ink\u00e1bb motiv\u00e1l ennek a magas sz\u00ednvonalnak a megtart\u00e1s\u00e1ra.<\/p>\n\n\n\n<p id=\"viewer-8e3ak\">Az \u00e9rdekl\u0151d\u00e9s \u00e9s az elad\u00e1sok n\u00f6veked\u00e9s\u00e9vel egyre nagyobb kih\u00edv\u00e1st jelent minden \u00fcgyfelet \u00e1tfog\u00f3 tan\u00e1csokkal ell\u00e1tni. Ennek ellen\u00e9re minden t\u0151lem telhet\u0151t megteszek annak \u00e9rdek\u00e9ben, hogy minden v\u00e1s\u00e1rl\u00f3t egy\u00e9nileg \u00e9s ugyanolyan odaad\u00e1ssal tan\u00e1csoljak \u00e9s t\u00e1mogassam \u2013 f\u00fcggetlen\u00fcl att\u00f3l, hogy egyetlen napelem v\u00e1s\u00e1rl\u00e1s\u00e1r\u00f3l van sz\u00f3, vagy 500 darabos rendel\u00e9sr\u0151l egy keresked\u0151t\u0151l.<\/p>\n\n\n\n<p id=\"viewer-c5bso\">B\u00fcszk\u00e9n mondhatom, hogy m\u00e1r eddig is jelent\u0151s m\u00e9rt\u00e9kben hozz\u00e1j\u00e1rultunk a CO2-kibocs\u00e1t\u00e1s cs\u00f6kkent\u00e9s\u00e9hez. A napelemes lemezek \u00e9rt\u00e9kes\u00edt\u00e9se eddig (2023. janu\u00e1r 1-t\u0151l) becs\u00fclt CO2 megtakar\u00edt\u00e1st eredm\u00e9nyezett. <strong>\u00e9vi 1111,5 tonna CO2<\/strong> el\u00e9rhet\u00f4. Ez abb\u00f3l ad\u00f3dik, hogy a 400 Wp modulonk\u00e9nti \u00e9ves CO2 megtakar\u00edt\u00e1st (1,9 tonna CO2) megszorozzuk az eladott napelemek sz\u00e1m\u00e1val (modulonk\u00e9nt 4 db).<\/p>\n\n\n\n<p id=\"viewer-4nf8q\">Az elm\u00falt hetekben siker\u00fclt \u00faj sz\u00e1ll\u00edt\u00e1si szolg\u00e1ltat\u00f3t tal\u00e1lnom. Ez lehet\u0151v\u00e9 teszi, hogy minden orsz\u00e1gba alacsonyabb \u00e1rakat \u00e9s gyorsabb sz\u00e1ll\u00edt\u00e1st k\u00edn\u00e1ljak, ami \u00fcgyfeleim sz\u00e1m\u00e1ra el\u0151ny\u00f6s. \u00daj fizet\u00e9si szolg\u00e1ltat\u00f3t is hozz\u00e1adtam, amely lehet\u0151v\u00e9 teszi \u00fcgyfeleim sz\u00e1m\u00e1ra, hogy gyorsan \u00e9s k\u00e9nyelmesen fizethessenek a kezd\u0151lapomon.<\/p>\n\n\n\n<p id=\"viewer-47bn\">Jelenleg azon dolgozom, hogy term\u00e9keimet tov\u00e1bbi \u00e9rt\u00e9kes\u00edt\u00e9si platformokon k\u00edn\u00e1ljam, \u00e9s \u00edgy t\u00f6bb \u00fcgyfelet \u00e9rjek el.<\/p>\n\n\n\n<p id=\"viewer-81gv0\">A j\u00f6v\u0151ben tervezem term\u00e9kpalett\u00e1m b\u0151v\u00edt\u00e9s\u00e9t \u00e9s tov\u00e1bbi megold\u00e1sok kifejleszt\u00e9s\u00e9t hull\u00e1mternitre \u00e9s bitumenre t\u00f6rt\u00e9n\u0151 napelemes szerel\u00e9shez. M\u00e1r van n\u00e9h\u00e1ny \u00f6tletem, amit hamarosan meg is szeretn\u00e9k val\u00f3s\u00edtani. N\u00e9h\u00e1ny nagykeresked\u0151 is \u00e9rdekl\u0151d\u00e9st mutatott a term\u00e9keim ir\u00e1nt, aminek term\u00e9szetesen nagyon \u00f6r\u00fcl\u00f6k.<\/p>\n\n\n\n<p id=\"viewer-47url\">K\u00f6sz\u00f6n\u00f6m, hogy elolvastad a gondolataimat \u00e9s tapasztalataimat itt a blogon. Ha b\u00e1rmilyen k\u00e9rd\u00e9se vagy javaslata van, ne habozzon, \u00edrjon nekem.<\/p>\n\n\n\n<p id=\"viewer-1qs1t\">\u00dcdv\u00f6zlettel,<\/p>\n\n\n\n<p id=\"viewer-9c26l\">Bernhard Schagerl<\/p>","protected":false},"excerpt":{"rendered":"<p>Sehr geehrte Leserinnen und Leser, heute freue ich mich besonders, meinen ersten Blogbeitrag zu ver\u00f6ffentlichen. Als ich mit dem Verkauf begann, hatte ich keine Ahnung, was mich erwarten w\u00fcrde. Aber schon bald merkte ich, dass ich auf dem richtigen Weg war. Die Verkaufszahlen meiner Produkte \u00fcbertrafen jede Erwartung und ich kann es immer noch kaum [&hellip;]<\/p>\n","protected":false},"author":1,"featured_media":0,"comment_status":"closed","ping_status":"closed","sticky":false,"template":"","format":"standard","meta":{"footnotes":""},"categories":[1],"tags":[],"class_list":["post-676","post","type-post","status-publish","format-standard","hentry","category-blog"],"_links":{"self":[{"href":"https:\/\/solarblech.shop\/hu\/wp-json\/wp\/v2\/posts\/676","targetHints":{"allow":["GET"]}}],"collection":[{"href":"https:\/\/solarblech.shop\/hu\/wp-json\/wp\/v2\/posts"}],"about":[{"href":"https:\/\/solarblech.shop\/hu\/wp-json\/wp\/v2\/types\/post"}],"author":[{"embeddable":true,"href":"https:\/\/solarblech.shop\/hu\/wp-json\/wp\/v2\/users\/1"}],"replies":[{"embeddable":true,"href":"https:\/\/solarblech.shop\/hu\/wp-json\/wp\/v2\/comments?post=676"}],"version-history":[{"count":1,"href":"https:\/\/solarblech.shop\/hu\/wp-json\/wp\/v2\/posts\/676\/revisions"}],"predecessor-version":[{"id":1314,"href":"https:\/\/solarblech.shop\/hu\/wp-json\/wp\/v2\/posts\/676\/revisions\/1314"}],"wp:attachment":[{"href":"https:\/\/solarblech.shop\/hu\/wp-json\/wp\/v2\/media?parent=676"}],"wp:term":[{"taxonomy":"category","embeddable":true,"href":"https:\/\/solarblech.shop\/hu\/wp-json\/wp\/v2\/categories?post=676"},{"taxonomy":"post_tag","embeddable":true,"href":"https:\/\/solarblech.shop\/hu\/wp-json\/wp\/v2\/tags?post=676"}],"curies":[{"name":"wp","href":"https:\/\/api.w.org\/{rel}","templated":true}]}}